{"id":226,"date":"2025-02-04T11:43:16","date_gmt":"2025-02-04T11:43:16","guid":{"rendered":"https:\/\/myrce.net\/?p=226"},"modified":"2025-02-24T13:40:04","modified_gmt":"2025-02-24T13:40:04","slug":"hola","status":"publish","type":"post","link":"https:\/\/myrce.net\/index.php\/2025\/02\/04\/hola\/","title":{"rendered":"He le\u00eddo y acepto los t\u00e9rminos y condiciones de uso, 2019"},"content":{"rendered":"\n<p style=\"font-size:11px;font-style:normal;font-weight:100\">\u00b7 Expuesto en la Facultad de Bellas Artes, Universidad de Barcelona,&nbsp;en Septiembre 2019, exposici\u00f3n&nbsp;<em>Sense&nbsp;T\u00edtol<\/em>&nbsp;(mejores TFGs de la promoci\u00f3n).<\/p>\n\n\n\n<p style=\"font-size:11px;font-style:normal;font-weight:100\">\u00b7 Obra adquirida por\u00a0<em>Patrim<\/em>(2019), patrimonio de la\u00a0facultad de Bellas Artes, Universidad de Barcelona.\u00a0<\/p>\n\n\n\n<p>El proyecto <em>He le\u00eddo y acepto los t\u00e9rminos y condiciones de uso<\/em> invita a reflexionar sobre la cesi\u00f3n de la identidad en el \u00e1mbito digital y la sumisi\u00f3n inconsciente al control tecnol\u00f3gico. Su t\u00edtulo hace referencia a la cl\u00e1usula que debemos aceptar sin cuestionamientos para acceder a cualquier aplicaci\u00f3n o servicio digital.<\/p>\n\n\n\n<p>Hoy en d\u00eda, nuestra identidad se moldea casi por completo en las redes sociales, donde nos esforzamos por proyectar nuestra realidad en el espacio virtual, al tiempo que cedemos a las corporaciones datos que pueden monetizar, todo en nombre de una aparente comodidad tecnol\u00f3gica.<\/p>\n\n\n\n<p>Es inevitable establecer un paralelismo con la sociedad descrita en <em>1984<\/em>, la c\u00e9lebre novela de George Orwell, donde el Gran Hermano ejerc\u00eda un control absoluto sobre la poblaci\u00f3n, observ\u00e1ndolo todo y castigando cualquier desviaci\u00f3n de la norma. Aunque el control en nuestra sociedad no se presenta de manera tan expl\u00edcita, su existencia es innegable.<\/p>\n\n\n\n<p>Al final, el <em>selfie<\/em> nos convierte en mercanc\u00eda y en trabajadores involuntarios, atrapados en un sistema que opera bajo la aceptaci\u00f3n autom\u00e1tica de aquello que rara vez leemos: los t\u00e9rminos y condiciones de uso.<\/p>\n\n\n\n<hr class=\"wp-block-separator has-alpha-channel-opacity\"\/>\n\n\n\n<p>The project <em>I Have Read and Accept the Terms and Conditions<\/em> invites us to reflect on the surrender of identity in the digital sphere and the unconscious submission to technological control. Its title refers to the clause we must accept without question in order to access any application or digital service.<\/p>\n\n\n\n<p>Today, our identity is shaped almost entirely by social media, where we strive to project our reality into the virtual space while simultaneously surrendering data to corporations\u2014data they can monetize, all in exchange for an illusion of technological convenience.<\/p>\n\n\n\n<p class=\"has-small-font-size\">It is impossible not to draw parallels with the society depicted in <em>1984<\/em>, George Orwell\u2019s renowned novel, where Big Brother exercised absolute control, watching everything and punishing any deviation from the norm. While control in our society is not as overt, its presence is undeniable.<\/p>\n\n\n\n<p class=\"has-small-font-size\">In the end, the <em>selfie<\/em> turns us into both merchandise and unpaid workers, caught in a system that operates under the automatic acceptance of something we rarely read: the terms and conditions of use.<\/p>\n\n\n\n<figure class=\"wp-block-image size-large\"><img loading=\"lazy\" decoding=\"async\" width=\"1024\" height=\"683\" src=\"https:\/\/myrce.net\/wp-content\/uploads\/2022\/04\/0c1360_fe783b32cf9c45f6af076afb5f0e50c8mv2_d_3456_2304_s_2-1024x683.webp\" alt=\"\" class=\"wp-image-69\" srcset=\"https:\/\/myrce.net\/wp-content\/uploads\/2022\/04\/0c1360_fe783b32cf9c45f6af076afb5f0e50c8mv2_d_3456_2304_s_2-1024x683.webp 1024w, https:\/\/myrce.net\/wp-content\/uploads\/2022\/04\/0c1360_fe783b32cf9c45f6af076afb5f0e50c8mv2_d_3456_2304_s_2-300x200.webp 300w, https:\/\/myrce.net\/wp-content\/uploads\/2022\/04\/0c1360_fe783b32cf9c45f6af076afb5f0e50c8mv2_d_3456_2304_s_2-768x512.webp 768w, https:\/\/myrce.net\/wp-content\/uploads\/2022\/04\/0c1360_fe783b32cf9c45f6af076afb5f0e50c8mv2_d_3456_2304_s_2-1536x1024.webp 1536w, https:\/\/myrce.net\/wp-content\/uploads\/2022\/04\/0c1360_fe783b32cf9c45f6af076afb5f0e50c8mv2_d_3456_2304_s_2.webp 1650w\" sizes=\"auto, (max-width: 1024px) 100vw, 1024px\" \/><\/figure>\n\n\n\n<figure class=\"wp-block-image size-full\"><img loading=\"lazy\" decoding=\"async\" width=\"799\" height=\"599\" src=\"https:\/\/myrce.net\/wp-content\/uploads\/2025\/02\/0c1360_03a4796813dc473cbc692fcbe58e5e16mv2_d_2178_2617_s_2-edited.webp\" alt=\"\" class=\"wp-image-213\" srcset=\"https:\/\/myrce.net\/wp-content\/uploads\/2025\/02\/0c1360_03a4796813dc473cbc692fcbe58e5e16mv2_d_2178_2617_s_2-edited.webp 799w, https:\/\/myrce.net\/wp-content\/uploads\/2025\/02\/0c1360_03a4796813dc473cbc692fcbe58e5e16mv2_d_2178_2617_s_2-edited-300x225.webp 300w, https:\/\/myrce.net\/wp-content\/uploads\/2025\/02\/0c1360_03a4796813dc473cbc692fcbe58e5e16mv2_d_2178_2617_s_2-edited-768x576.webp 768w\" sizes=\"auto, (max-width: 799px) 100vw, 799px\" \/><\/figure>\n","protected":false},"excerpt":{"rendered":"<p>\u00b7 Expuesto en la Facultad de Bellas Artes, Universidad de Barcelona,&nbsp;en Septiembre 2019, exposici\u00f3n&nbsp;Sense&nbsp;T\u00edtol&nbsp;(mejores TFGs de la promoci\u00f3n). \u00b7 Obra adquirida por\u00a0Patrim(2019), patrimonio de la\u00a0facultad de Bellas Artes, Universidad de Barcelona.\u00a0 El proyecto He le\u00eddo y acepto los t\u00e9rminos y condiciones de uso invita a reflexionar sobre la cesi\u00f3n de la identidad en el \u00e1mbito [&hellip;]<\/p>\n","protected":false},"author":1,"featured_media":0,"comment_status":"open","ping_status":"open","sticky":false,"template":"","format":"standard","meta":{"om_disable_all_campaigns":false,"_monsterinsights_skip_tracking":false,"_monsterinsights_sitenote_active":false,"_monsterinsights_sitenote_note":"","_monsterinsights_sitenote_category":0,"footnotes":""},"categories":[1],"tags":[],"class_list":["post-226","post","type-post","status-publish","format-standard","hentry","category-sin-categoria"],"aioseo_notices":[],"_links":{"self":[{"href":"https:\/\/myrce.net\/index.php\/wp-json\/wp\/v2\/posts\/226","targetHints":{"allow":["GET"]}}],"collection":[{"href":"https:\/\/myrce.net\/index.php\/wp-json\/wp\/v2\/posts"}],"about":[{"href":"https:\/\/myrce.net\/index.php\/wp-json\/wp\/v2\/types\/post"}],"author":[{"embeddable":true,"href":"https:\/\/myrce.net\/index.php\/wp-json\/wp\/v2\/users\/1"}],"replies":[{"embeddable":true,"href":"https:\/\/myrce.net\/index.php\/wp-json\/wp\/v2\/comments?post=226"}],"version-history":[{"count":5,"href":"https:\/\/myrce.net\/index.php\/wp-json\/wp\/v2\/posts\/226\/revisions"}],"predecessor-version":[{"id":324,"href":"https:\/\/myrce.net\/index.php\/wp-json\/wp\/v2\/posts\/226\/revisions\/324"}],"wp:attachment":[{"href":"https:\/\/myrce.net\/index.php\/wp-json\/wp\/v2\/media?parent=226"}],"wp:term":[{"taxonomy":"category","embeddable":true,"href":"https:\/\/myrce.net\/index.php\/wp-json\/wp\/v2\/categories?post=226"},{"taxonomy":"post_tag","embeddable":true,"href":"https:\/\/myrce.net\/index.php\/wp-json\/wp\/v2\/tags?post=226"}],"curies":[{"name":"wp","href":"https:\/\/api.w.org\/{rel}","templated":true}]}}